{"id":153,"date":"2023-06-28T01:32:20","date_gmt":"2023-06-28T01:32:20","guid":{"rendered":"https:\/\/festivalcineindependiente.com\/noticias\/?p=153"},"modified":"2023-06-28T01:34:07","modified_gmt":"2023-06-28T01:34:07","slug":"fecimx-talleres","status":"publish","type":"post","link":"https:\/\/festivalcineindependiente.com\/noticias\/fecimx-talleres\/","title":{"rendered":"Festival de Cine Independiente de la CDMX abre convocatoria para sus talleres gratuitos"},"content":{"rendered":"\n<figure class=\"wp-block-image size-large\"><img loading=\"lazy\" decoding=\"async\" width=\"1024\" height=\"684\" src=\"https:\/\/festivalcineindependiente.com\/noticias\/wp-content\/uploads\/2023\/06\/Cinefotografia-1024x684.jpg\" alt=\"\" class=\"wp-image-154\" srcset=\"https:\/\/festivalcineindependiente.com\/noticias\/wp-content\/uploads\/2023\/06\/Cinefotografia-1024x684.jpg 1024w, https:\/\/festivalcineindependiente.com\/noticias\/wp-content\/uploads\/2023\/06\/Cinefotografia-300x200.jpg 300w, https:\/\/festivalcineindependiente.com\/noticias\/wp-content\/uploads\/2023\/06\/Cinefotografia-768x513.jpg 768w, https:\/\/festivalcineindependiente.com\/noticias\/wp-content\/uploads\/2023\/06\/Cinefotografia-1536x1025.jpg 1536w, https:\/\/festivalcineindependiente.com\/noticias\/wp-content\/uploads\/2023\/06\/Cinefotografia.jpg 2048w\" sizes=\"auto, (max-width: 706px) 89vw, (max-width: 767px) 82vw, 740px\" \/><\/figure>\n\n\n\n<p>En el marco de su sexta edici\u00f3n El Festival de Cine Independiente de la Ciudad de M\u00e9xico, en colaboraci\u00f3n con PROCINE, abre convocatoria para sus talleres gratuitos de Cine Experimental y Cinefotograf\u00eda.<\/p>\n\n\n\n<p>La convocatoria permanecer\u00e1 abierta hasta el 11 de julio y el resultado de las personas seleccionadas se publicar\u00e1 el 16 de julio en nuestros canales oficiales de comunicaci\u00f3n. Las personas seleccionadas deber\u00e1n tener disponibilidad del 29 de julio al 1 de agosto para asistir a todos los talleres en el centro de la CDMX.<\/p>\n\n\n\n<!--more-->\n\n\n\n<p><strong>Taller de introducci\u00f3n a la cinefotograf\u00eda&nbsp;<\/strong><\/p>\n\n\n\n<p>Impartido por el cinefot\u00f3grafo Jim Garrido, este taller est\u00e1 dirigido a personas interesadas en la realizaci\u00f3n cinematogr\u00e1fica y la fotograf\u00eda, as\u00ed como a estudiantes de ciencias de la comunicaci\u00f3n, fotograf\u00eda, periodismo o nuevos medios, con o sin conocimientos previos en cine.<\/p>\n\n\n\n<p>Las personas seleccionadas podr\u00e1n aprender los elementos b\u00e1sicos de operaci\u00f3n de c\u00e1mara, composici\u00f3n y \u00f3ptica para cine utilizando c\u00e1maras mirrorless o DSLR.<\/p>\n\n\n\n<p>Se recomienda contar con una c\u00e1mara de objetivos (lentes) intercambiables que puedan operarse de forma manual.<\/p>\n\n\n\n<p><a href=\"https:\/\/festivalcineindependiente.com\/talleres\/cinefotografia.php\"><strong>Requisitos y Registro<\/strong><\/a><\/p>\n\n\n\n<p><strong>Taller de Cine Experimental<\/strong> <strong>\u201cCaminos Divergentes\u201d<\/strong><\/p>\n\n\n\n<p>Este taller busca explorar el \u201ccine experimental\u201d como un arte de la ruptura que crea espacios para los nuevos cines, los cines \u201cotros\u201d. En tres sesiones te\u00f3rico-pr\u00e1cticas se buscar\u00e1 que quienes participen desarrollen una visi\u00f3n propia partiendo de preocupaciones de la actualidad, tanto individuales como colectivas.<\/p>\n\n\n\n<p>Durante el taller se hablar\u00e1 sobre las formas de habitar la experiencia cinematogr\u00e1fica y sus posibilidades, el papel del cuerpo, el sonido y la imagen, los formatos, entorno a reflexiones sobre la identidad latinoamericana en el cine experimental y la relaci\u00f3n del cine con otras formas de arte, adem\u00e1s de los caminos para crear y financiar cine experimental en M\u00e9xico.<\/p>\n\n\n\n<p>El taller ser\u00e1 impartido por Pablo Escoto, galardonado con el Puma de plata a mejor pel\u00edcula mexicana para \u201cRuinas tu reino\u201d en FICUNAM y con la Mejor \u00d3pera Prima para \u201cToda la luz que podemos ver\u201d en los Premios Cinema Tropical.<\/p>\n\n\n\n<p>Para asistir a este taller no es necesario contar con un proyecto experimental.<\/p>\n\n\n\n<p><a href=\"https:\/\/festivalcineindependiente.com\/talleres\/cineexperimental.php\"><strong>Requisitos y Registro<\/strong><\/a><\/p>\n\n\n\n<p>Para m\u00e1s informaci\u00f3n, visitar festivalcineindependiente.com<\/p>\n","protected":false},"excerpt":{"rendered":"<p>En el marco de su sexta edici\u00f3n El Festival de Cine Independiente de la Ciudad de M\u00e9xico, en colaboraci\u00f3n con PROCINE, abre convocatoria para sus talleres gratuitos de Cine Experimental y Cinefotograf\u00eda. La convocatoria permanecer\u00e1 abierta hasta el 11 de julio y el resultado de las personas seleccionadas se publicar\u00e1 el 16 de julio en &hellip; <\/p>\n<p class=\"link-more\"><a href=\"https:\/\/festivalcineindependiente.com\/noticias\/fecimx-talleres\/\" class=\"more-link\">Continuar leyendo<span class=\"screen-reader-text\"> &#8220;Festival de Cine Independiente de la CDMX abre convocatoria para sus talleres gratuitos&#8221;<\/span><\/a><\/p>\n","protected":false},"author":1,"featured_media":0,"comment_status":"closed","ping_status":"open","sticky":false,"template":"","format":"standard","meta":{"footnotes":""},"categories":[4,24,20],"tags":[7],"class_list":["post-153","post","type-post","status-publish","format-standard","hentry","category-prensa","category-prensa-6-fecimx","category-programa-academico","tag-festival-de-cine-independiente-cdmx"],"_links":{"self":[{"href":"https:\/\/festivalcineindependiente.com\/noticias\/wp-json\/wp\/v2\/posts\/153","targetHints":{"allow":["GET"]}}],"collection":[{"href":"https:\/\/festivalcineindependiente.com\/noticias\/wp-json\/wp\/v2\/posts"}],"about":[{"href":"https:\/\/festivalcineindependiente.com\/noticias\/wp-json\/wp\/v2\/types\/post"}],"author":[{"embeddable":true,"href":"https:\/\/festivalcineindependiente.com\/noticias\/wp-json\/wp\/v2\/users\/1"}],"replies":[{"embeddable":true,"href":"https:\/\/festivalcineindependiente.com\/noticias\/wp-json\/wp\/v2\/comments?post=153"}],"version-history":[{"count":1,"href":"https:\/\/festivalcineindependiente.com\/noticias\/wp-json\/wp\/v2\/posts\/153\/revisions"}],"predecessor-version":[{"id":155,"href":"https:\/\/festivalcineindependiente.com\/noticias\/wp-json\/wp\/v2\/posts\/153\/revisions\/155"}],"wp:attachment":[{"href":"https:\/\/festivalcineindependiente.com\/noticias\/wp-json\/wp\/v2\/media?parent=153"}],"wp:term":[{"taxonomy":"category","embeddable":true,"href":"https:\/\/festivalcineindependiente.com\/noticias\/wp-json\/wp\/v2\/categories?post=153"},{"taxonomy":"post_tag","embeddable":true,"href":"https:\/\/festivalcineindependiente.com\/noticias\/wp-json\/wp\/v2\/tags?post=153"}],"curies":[{"name":"wp","href":"https:\/\/api.w.org\/{rel}","templated":true}]}}